{"id":1412,"date":"2019-02-11T16:30:25","date_gmt":"2019-02-11T16:30:25","guid":{"rendered":"http:\/\/star-fm.net\/?p=1412"},"modified":"2019-02-11T16:30:28","modified_gmt":"2019-02-11T16:30:28","slug":"hpc-jin-li-qamislo-mes-li-darxist","status":"publish","type":"post","link":"https:\/\/star-fm.net\/?p=1412","title":{"rendered":"HPC-Jin li Qami\u015flo me\u015f li darxist"},"content":{"rendered":"\n<p class=\"wp-block-paragraph\">\u00cero bi sedan endam\u00ean H\u00eaz\u00ean Parastina Civak\u00ee-Jin (HPC-Jin)\n\u00ean kantona Qami\u015flo ji bo \u015fermezarkirina tecr\u00eeda girankir\u00ee ya li ser R\u00eaber\nAbdullah Ocalan, \u015fermezarkirina komploya navdewlet\u00ee \u00fb pi\u015ftgiriya \u00e7alekiya Leyla\nGuven me\u015fek\u00ee girsey\u00ee li dar xistin.<\/p>\n\n\n\n<p class=\"wp-block-paragraph\">Me\u015f ji \u00e7erxer\u00eaya taxa Qud\u00fbrbeg a bajar\u00ea\nQami\u015flo destp\u00eakir, di me\u015f\u00ea de w\u00eaney\u00ean R\u00eaber Abdullah Ocalan, w\u00eaney\u00ean Leyla\nGuven \u00fb al\u00ean HPC-Jin \u00fb bankert\u00ean bi niv\u00ees\u00ean \u2018Em \u00ea tecr\u00eed \u00fb fa\u015f\u00eezm\u00ea t\u00eak bibin \u00fb\nneteweya demokrat\u00eek m\u00eesoger bikin\u2019, \u2018Sonda me; em \u00ea pergala \u00cemraliy\u00ea par\u00e7e\nbikin, bi R\u00eaber Apo re azad bij\u00een\u2019 hatin hildan.<\/p>\n\n\n\n<p class=\"wp-block-paragraph\">Me\u015fvanan &nbsp;b\u00ea navber dir\u00fb\u015fm\u00ean \u2018silavkirina berxwedana\nLeyla Guven, \u015fermezarkirina komploya navdewlet\u00ee berzkirin \u00fb heya \u00c7erxer\u00eaya Son\u00ee\nve me\u015fiyan. Li wir me\u015f veguhar\u00ee m\u00eet\u00eeng\u00ea.<\/p>\n\n\n\n<p class=\"wp-block-paragraph\">M\u00eet\u00eeng bi deqeyek r\u00eazgirtin destp\u00eakir, pa\u015f\u00ea\nli ser nav\u00ea jinan Endama R\u00eaveberiya HPC-Jin Hediye Ebdillah axiv\u00ee. Hediye salvegera\nkomploy\u00ea \u015fermezar kir \u00fb wiha got: Jin\u00ean ku bi felsefeya R\u00eaber Apo dij\u00een, w\u00ea\ntecr\u00eed\u00ea bi daw\u00ee bikin \u00fb fa\u015f\u00eezm\u00ea t\u00eak bibin.<\/p>\n\n\n\n<p class=\"wp-block-paragraph\">Me\u015f bi dir\u00fb\u015fma \u2018Bij\u00ee serok Apo\u2019 bi daw\u00ee b\u00fb.<\/p>\n","protected":false},"excerpt":{"rendered":"<p>\u00cero bi sedan endam\u00ean H\u00eaz\u00ean Parastina Civak\u00ee-Jin (HPC-Jin) \u00ean kantona Qami\u015flo ji bo \u015fermezarkirina tecr\u00eeda&hellip;<\/p>\n","protected":false},"author":1,"featured_media":1413,"comment_status":"closed","ping_status":"closed","sticky":false,"template":"","format":"standard","meta":{"_lmt_disableupdate":"","_lmt_disable":"","footnotes":""},"categories":[17,29],"tags":[],"class_list":["post-1412","post","type-post","status-publish","format-standard","has-post-thumbnail","hentry","category-nuce","category-slider"],"_links":{"self":[{"href":"https:\/\/star-fm.net\/index.php?rest_route=\/wp\/v2\/posts\/1412","targetHints":{"allow":["GET"]}}],"collection":[{"href":"https:\/\/star-fm.net\/index.php?rest_route=\/wp\/v2\/posts"}],"about":[{"href":"https:\/\/star-fm.net\/index.php?rest_route=\/wp\/v2\/types\/post"}],"author":[{"embeddable":true,"href":"https:\/\/star-fm.net\/index.php?rest_route=\/wp\/v2\/users\/1"}],"replies":[{"embeddable":true,"href":"https:\/\/star-fm.net\/index.php?rest_route=%2Fwp%2Fv2%2Fcomments&post=1412"}],"version-history":[{"count":1,"href":"https:\/\/star-fm.net\/index.php?rest_route=\/wp\/v2\/posts\/1412\/revisions"}],"predecessor-version":[{"id":1414,"href":"https:\/\/star-fm.net\/index.php?rest_route=\/wp\/v2\/posts\/1412\/revisions\/1414"}],"wp:featuredmedia":[{"embeddable":true,"href":"https:\/\/star-fm.net\/index.php?rest_route=\/wp\/v2\/media\/1413"}],"wp:attachment":[{"href":"https:\/\/star-fm.net\/index.php?rest_route=%2Fwp%2Fv2%2Fmedia&parent=1412"}],"wp:term":[{"taxonomy":"category","embeddable":true,"href":"https:\/\/star-fm.net\/index.php?rest_route=%2Fwp%2Fv2%2Fcategories&post=1412"},{"taxonomy":"post_tag","embeddable":true,"href":"https:\/\/star-fm.net\/index.php?rest_route=%2Fwp%2Fv2%2Ftags&post=1412"}],"curies":[{"name":"wp","href":"https:\/\/api.w.org\/{rel}","templated":true}]}}