{"id":1502,"date":"2019-03-04T09:26:47","date_gmt":"2019-03-04T09:26:47","guid":{"rendered":"http:\/\/star-fm.net\/?p=1502"},"modified":"2019-03-04T09:26:47","modified_gmt":"2019-03-04T09:26:47","slug":"kongreya-star-qetilkirina-jineke-li-efrine-sermezar-kir","status":"publish","type":"post","link":"https:\/\/star-fm.net\/?p=1502","title":{"rendered":"Kongreya Star qetilkirina jinek\u00ea li Efr\u00een\u00ea \u015fermezar kir"},"content":{"rendered":"<p>Li ser malper\u00ean civak\u00ee d\u00eemena ku diyar dike \u00e7awa endamek\u00ee \u00e7etey\u00ean Tirkiy\u00ea li bajar\u00ea Efr\u00een\u00ea jinek\u00ea li qada baj\u00ear qetil dike belav b\u00fb.<\/p>\n<p>Komrd\u00eenasyona kongreya Star der bar\u00ea mijar\u00ea de daxuyaniyek we\u015fan \u00fb ev kiryar \u015fermezar kir.<\/p>\n<p>Kongreya Star kiryar\u00ean dagirkeriya Tirkiy\u00ea \u00fb kom\u00ean \u00e7ete li dij\u00ee welatiy\u00ean Efr\u00een\u00ea bib\u00eer xist ku diyar kir ku qetilkirina jina Kurd li qada bajar\u00ea Efr\u00een\u00ea &#8220;Yek ji van kiryar\u00ean hovane ye ku dagirkeriya Erdogan \u00fb \u00e7etey\u00ean w\u00ee li Efr\u00een\u00ea dikin&#8221;.<\/p>\n<p>Kongreya Star di daxuyaniya xwe kiryara qetilkirina jina Kurd \u015fermezar kir \u00fb ji r\u00eaxistin\u00ean maf\u00ean mirovan \u00fb civaka nadewlet\u00ee xwest ku &#8220;Li dij\u00ee kiryar\u00ean hovane y\u00ean \u00e7etey\u00ean Tirkiy\u00ea li Efr\u00een\u00ea tevbigerin&#8221;&#8230;&#8230;.ANHA<\/p>\n","protected":false},"excerpt":{"rendered":"<p>Li ser malper\u00ean civak\u00ee d\u00eemena ku diyar dike \u00e7awa endamek\u00ee \u00e7etey\u00ean Tirkiy\u00ea li bajar\u00ea Efr\u00een\u00ea&hellip;<\/p>\n","protected":false},"author":1,"featured_media":1464,"comment_status":"closed","ping_status":"closed","sticky":false,"template":"","format":"standard","meta":{"_lmt_disableupdate":"","_lmt_disable":"","footnotes":""},"categories":[17,29],"tags":[],"class_list":["post-1502","post","type-post","status-publish","format-standard","has-post-thumbnail","hentry","category-nuce","category-slider"],"_links":{"self":[{"href":"https:\/\/star-fm.net\/index.php?rest_route=\/wp\/v2\/posts\/1502","targetHints":{"allow":["GET"]}}],"collection":[{"href":"https:\/\/star-fm.net\/index.php?rest_route=\/wp\/v2\/posts"}],"about":[{"href":"https:\/\/star-fm.net\/index.php?rest_route=\/wp\/v2\/types\/post"}],"author":[{"embeddable":true,"href":"https:\/\/star-fm.net\/index.php?rest_route=\/wp\/v2\/users\/1"}],"replies":[{"embeddable":true,"href":"https:\/\/star-fm.net\/index.php?rest_route=%2Fwp%2Fv2%2Fcomments&post=1502"}],"version-history":[{"count":1,"href":"https:\/\/star-fm.net\/index.php?rest_route=\/wp\/v2\/posts\/1502\/revisions"}],"predecessor-version":[{"id":1503,"href":"https:\/\/star-fm.net\/index.php?rest_route=\/wp\/v2\/posts\/1502\/revisions\/1503"}],"wp:featuredmedia":[{"embeddable":true,"href":"https:\/\/star-fm.net\/index.php?rest_route=\/wp\/v2\/media\/1464"}],"wp:attachment":[{"href":"https:\/\/star-fm.net\/index.php?rest_route=%2Fwp%2Fv2%2Fmedia&parent=1502"}],"wp:term":[{"taxonomy":"category","embeddable":true,"href":"https:\/\/star-fm.net\/index.php?rest_route=%2Fwp%2Fv2%2Fcategories&post=1502"},{"taxonomy":"post_tag","embeddable":true,"href":"https:\/\/star-fm.net\/index.php?rest_route=%2Fwp%2Fv2%2Ftags&post=1502"}],"curies":[{"name":"wp","href":"https:\/\/api.w.org\/{rel}","templated":true}]}}