{"id":1583,"date":"2019-03-15T09:31:46","date_gmt":"2019-03-15T09:31:46","guid":{"rendered":"http:\/\/star-fm.net\/?p=1583"},"modified":"2019-03-15T09:31:46","modified_gmt":"2019-03-15T09:31:46","slug":"eme-bi-vina-jinen-azed-tecride-hilwesin-in","status":"publish","type":"post","link":"https:\/\/star-fm.net\/?p=1583","title":{"rendered":"\u2018Em\u00ea bi v\u00eena jin\u00ean azed tecr\u00eed\u00ea hilwe\u015f\u00een in\u2019"},"content":{"rendered":"<p>Ji 15 sibata 1999&#8217;an ve komployek navnetew\u00ee li ser R\u00eaber Abdulah Ocelan t\u00ea me\u015fandin \u00fb ji 27&#8242; T\u00eermeha 2011&#8217;an ve j\u00ee tecr\u00eedek\u00ee giran heye, ne par\u00eazer \u00fb ne j\u00ee malbat nikarin bi\u00e7in hevd\u00eetin\u00ea bi R\u00eaber Abdullah Ocalan re p\u00eak b\u00eenin.<\/p>\n<p>T\u00eakildar\u00ee mijar\u00ea jin\u00ean nev\u00e7eya Tirbespiy\u00ea n\u00ear\u00een\u00ean xwe ji Radiyo ya me re an\u00een ziman \u00fb gotin: komplo negih\u00ee\u015ft armanc\u00ean xwe \u00fb em\u00ea bi v\u00eena jin\u00ean azed tecr\u00eed\u00ea hilwe\u015f\u00een in.<\/p>\n<p>Jina bi nav\u00ea Zehra Ahmed wiha n\u00ear\u00eena xwe ji me re an\u00ee ziman:&#8221;Em Komploya Navdewlet\u00ee der heq\u00ea R\u00eaber Abdullah Ocalan de ku di encam\u00ea de d\u00eel hate girtin \u015fermezar dikin. &#8220;Em wek jin bi naskirina fikir\u00ean Ocalan xwe xwed\u00ee \u015fans dib\u00eenin. Ev \u00eesbat dike ku komplo t\u00eak \u00e7\u00fb \u00fb negih\u00ee\u015ft armanc\u00ean xwe.&#8221;<\/p>\n<p>Zehra soza berdewamkirina t\u00eako\u015f\u00een \u00fb xwe bir\u00eaxistinkirin\u00ea li ser bingeh\u00ea fikr \u00fb felsefeya R\u00eaber APO heya azadiya w\u00ee da.<\/p>\n<p>Her wiha Jina bi nav\u00ea Witha Isman n\u00ear\u00eena xwe ji Radyoya me ra an\u00ee ziman \u00fb\u00a0 got: Em v\u00ea komploy\u00ea bi tu away\u00ee qeb\u00fbl nakin, bi v\u00ea komploy\u00ea w\u00ea nikaribin \u00eeradeya me bi\u015fk\u00eenin. Em\u00ea bi v\u00eena jin\u00ean azed tecr\u00eed\u00ea hilwe\u015f\u00een in.<\/p>\n<p>Witha gotin\u00ean xwe wiha domand: Em bi fikir\u00ean Ocalan bawer in ji ber pi\u015ft\u00ee naskirina fikir\u00ean w\u00ee di kesayet\u00ean me da guhartin\u00ean cid\u00ee \u00e7\u00eab\u00fbn \u00fb me xwe nas kir.<\/p>\n<p>Witha di dawiya gotin\u00ean xwe de bang li r\u00eaxistin\u00ean navdewlet\u00ee \u00fb hiq\u00fbq\u00ee kir ku mudaxely\u00ea bikin \u00fb tecr\u00eed\u00ea bi daw\u00ee bikin.<\/p>\n<p>&nbsp;<\/p>\n<p>L\u00eelav HESEN<\/p>\n","protected":false},"excerpt":{"rendered":"<p>Ji 15 sibata 1999&#8217;an ve komployek navnetew\u00ee li ser R\u00eaber Abdulah Ocelan t\u00ea me\u015fandin \u00fb&hellip;<\/p>\n","protected":false},"author":1,"featured_media":1584,"comment_status":"closed","ping_status":"closed","sticky":false,"template":"","format":"standard","meta":{"_lmt_disableupdate":"","_lmt_disable":"","footnotes":""},"categories":[17,29],"tags":[],"class_list":["post-1583","post","type-post","status-publish","format-standard","has-post-thumbnail","hentry","category-nuce","category-slider"],"_links":{"self":[{"href":"https:\/\/star-fm.net\/index.php?rest_route=\/wp\/v2\/posts\/1583","targetHints":{"allow":["GET"]}}],"collection":[{"href":"https:\/\/star-fm.net\/index.php?rest_route=\/wp\/v2\/posts"}],"about":[{"href":"https:\/\/star-fm.net\/index.php?rest_route=\/wp\/v2\/types\/post"}],"author":[{"embeddable":true,"href":"https:\/\/star-fm.net\/index.php?rest_route=\/wp\/v2\/users\/1"}],"replies":[{"embeddable":true,"href":"https:\/\/star-fm.net\/index.php?rest_route=%2Fwp%2Fv2%2Fcomments&post=1583"}],"version-history":[{"count":1,"href":"https:\/\/star-fm.net\/index.php?rest_route=\/wp\/v2\/posts\/1583\/revisions"}],"predecessor-version":[{"id":1585,"href":"https:\/\/star-fm.net\/index.php?rest_route=\/wp\/v2\/posts\/1583\/revisions\/1585"}],"wp:featuredmedia":[{"embeddable":true,"href":"https:\/\/star-fm.net\/index.php?rest_route=\/wp\/v2\/media\/1584"}],"wp:attachment":[{"href":"https:\/\/star-fm.net\/index.php?rest_route=%2Fwp%2Fv2%2Fmedia&parent=1583"}],"wp:term":[{"taxonomy":"category","embeddable":true,"href":"https:\/\/star-fm.net\/index.php?rest_route=%2Fwp%2Fv2%2Fcategories&post=1583"},{"taxonomy":"post_tag","embeddable":true,"href":"https:\/\/star-fm.net\/index.php?rest_route=%2Fwp%2Fv2%2Ftags&post=1583"}],"curies":[{"name":"wp","href":"https:\/\/api.w.org\/{rel}","templated":true}]}}