{"id":1587,"date":"2019-03-16T15:13:33","date_gmt":"2019-03-16T15:13:33","guid":{"rendered":"http:\/\/star-fm.net\/?p=1587"},"modified":"2019-03-16T15:13:33","modified_gmt":"2019-03-16T15:13:33","slug":"rexistina-sara-dest-bi-hemleya-tekosina-li-diji-tundiya-li-jine-kir","status":"publish","type":"post","link":"https:\/\/star-fm.net\/?p=1587","title":{"rendered":"R\u00eaxistina Sara dest bi hemleya t\u00eako\u015f\u00eena li dij\u00ee tundiya li jin\u00ea kir"},"content":{"rendered":"<p>R\u00eaxistana Sara ya li dij\u00ee tundiya li ser jin\u00ea li Qami\u015floy\u00ea bi daxuyaniyek\u00ea dest bi hemleya t\u00eako\u015f\u00eena li dij\u00ee tundiya li ser jin\u00ea \u00fb civak\u00ea kir.<\/p>\n<p>\u00cero R\u00eaxistana Sara daxuyan\u00ee derbar\u00ea hemleya li dij\u00ee tundiya li ser jin\u00ea da. Gelek endam\u00ean saziyan \u00fb gel be\u015fdar\u00ee daxuyaniy\u00ea b\u00fbn. Daxuyan\u00ee bi deqeyek r\u00eazgirtin a ji bo \u015feh\u00eed\u00ean komkujiya Heleb\u00e7ey\u00ea dest p\u00ea kir. Daxuyan\u00ee ji aliy\u00ea Endama R\u00eaveberiya R\u00eaxistina Sara ya Her\u00eama Ciz\u00eer\u00ea Muna Ebd El-Selam ve hat xwedin. Di daxuyaniy\u00ea de hat ragihandin ku ji bo jin bi tundiy\u00ea r\u00fb bi r\u00fb ney\u00ean hi\u015ftin \u00fb maf\u00ean wan b\u00ean parastin t\u00eako\u015f\u00een \u00fb r\u00eaxistinb\u00fbyin d\u00ea bidome.<\/p>\n<p>D\u00ea hemley\u00ea li ser van xalan b\u00ean me\u015fandin:<\/p>\n<p>*D\u00ea jin b\u00ean perwerdekirin<br \/>\n*Bi p\u00ea\u015fengiya jin\u00ea d\u00ea \u00e7anda demokrat\u00eek b\u00ea zind\u00eekirin<br \/>\n*D\u00ea ji bo guhertina zihniyeta baviksalar\u00ee xebat di qada jin\u00ea \u00fb di nava civak\u00ea de b\u00ea kirin<br \/>\n*P\u00eevan\u00ean azadiya jin\u00ea di nav civak\u00ea de ew \u00ea b\u00ea p\u00ea\u015fxistin<br \/>\n*D\u00ea li dij\u00ee tundiya di qada tenduristiy\u00ea de t\u00eako\u015f\u00een b\u00ea mezinkirin<br \/>\n*Di nava malbat\u00ea de tekiliy\u00ean azad \u00fb wekhev ew \u00ea b\u00ea avakirin<br \/>\n*D\u00ea \u00e7anda a\u015ftiy\u00ea di nava erdnigariy\u00ea de b\u00ea xurtkirin<br \/>\n*D\u00ea al\u00eekariya hem\u00fb civak\u00ea b\u00ea kirin<\/p>\n<p>Daxuyan\u00ee bi dir\u00fb\u015fma &#8220;Jin jiyan e, jin\u00ea nekujin&#8221; bi daw\u00ee b\u00fb.<\/p>\n","protected":false},"excerpt":{"rendered":"<p>R\u00eaxistana Sara ya li dij\u00ee tundiya li ser jin\u00ea li Qami\u015floy\u00ea bi daxuyaniyek\u00ea dest bi&hellip;<\/p>\n","protected":false},"author":1,"featured_media":1588,"comment_status":"closed","ping_status":"closed","sticky":false,"template":"","format":"standard","meta":{"_lmt_disableupdate":"","_lmt_disable":"","footnotes":""},"categories":[17,29],"tags":[],"class_list":["post-1587","post","type-post","status-publish","format-standard","has-post-thumbnail","hentry","category-nuce","category-slider"],"_links":{"self":[{"href":"https:\/\/star-fm.net\/index.php?rest_route=\/wp\/v2\/posts\/1587","targetHints":{"allow":["GET"]}}],"collection":[{"href":"https:\/\/star-fm.net\/index.php?rest_route=\/wp\/v2\/posts"}],"about":[{"href":"https:\/\/star-fm.net\/index.php?rest_route=\/wp\/v2\/types\/post"}],"author":[{"embeddable":true,"href":"https:\/\/star-fm.net\/index.php?rest_route=\/wp\/v2\/users\/1"}],"replies":[{"embeddable":true,"href":"https:\/\/star-fm.net\/index.php?rest_route=%2Fwp%2Fv2%2Fcomments&post=1587"}],"version-history":[{"count":1,"href":"https:\/\/star-fm.net\/index.php?rest_route=\/wp\/v2\/posts\/1587\/revisions"}],"predecessor-version":[{"id":1589,"href":"https:\/\/star-fm.net\/index.php?rest_route=\/wp\/v2\/posts\/1587\/revisions\/1589"}],"wp:featuredmedia":[{"embeddable":true,"href":"https:\/\/star-fm.net\/index.php?rest_route=\/wp\/v2\/media\/1588"}],"wp:attachment":[{"href":"https:\/\/star-fm.net\/index.php?rest_route=%2Fwp%2Fv2%2Fmedia&parent=1587"}],"wp:term":[{"taxonomy":"category","embeddable":true,"href":"https:\/\/star-fm.net\/index.php?rest_route=%2Fwp%2Fv2%2Fcategories&post=1587"},{"taxonomy":"post_tag","embeddable":true,"href":"https:\/\/star-fm.net\/index.php?rest_route=%2Fwp%2Fv2%2Ftags&post=1587"}],"curies":[{"name":"wp","href":"https:\/\/api.w.org\/{rel}","templated":true}]}}