{"id":1590,"date":"2019-03-18T18:59:32","date_gmt":"2019-03-18T18:59:32","guid":{"rendered":"http:\/\/star-fm.net\/?p=1590"},"modified":"2019-03-18T18:59:32","modified_gmt":"2019-03-18T18:59:32","slug":"li-tirbespiye-newroza-zarokan","status":"publish","type":"post","link":"https:\/\/star-fm.net\/?p=1590","title":{"rendered":"Li Tirbespiy\u00ea newroza zarokan"},"content":{"rendered":"<p>Bi armanca k\u00eafxwe\u015fkirina zarokan \u00fb bi boneya Cejna Newroz\u00ea navenda \u00c7and \u00fb Huner\u00ea a H\u00eazil ya Tirbespiy\u00ea \u015fahiyek li Akadimya \u015eeh\u00eed Yekta Herkol ji bo zarokan li dar xist.<\/p>\n<p>Bi sedan ji zarok\u00ean nav\u00e7eya Tirbespiy\u00ea \u00fb malbat\u00ean wan \u00fb zarok\u00ean \u015feh\u00eedan be\u015fdar\u00ee \u015fahiy\u00ea b\u00fbn.<\/p>\n<p>\u015eah\u00ee bi deqeyk r\u00eazgirtin destp\u00ea kir. Pa\u015f\u00ea koma \u015fano ya \u015eeh\u00eed Fedekar \u015fanoyek li ser kevne\u015fopiy\u00ea li dar xistin.<\/p>\n<p>Gelek stran\u00ean kurd\u00ee \u00fb ereb\u00ee ji aliy\u00ea koma SiMi ve j\u00ee hatin p\u00ea\u015fk\u00ea\u015fkirin \u00fb zarok\u00ean ji aliy\u00ea navenda \u00e7and \u00fb hunera H\u00eazil, \u00e7end stran p\u00ea\u015fk\u00ea\u015f kirin.<\/p>\n<p>\u015eah\u00ee bi belavkirina \u015f\u00earan\u00ee bi daw\u00ee b\u00fb.<\/p>\n","protected":false},"excerpt":{"rendered":"<p>Bi armanca k\u00eafxwe\u015fkirina zarokan \u00fb bi boneya Cejna Newroz\u00ea navenda \u00c7and \u00fb Huner\u00ea a H\u00eazil&hellip;<\/p>\n","protected":false},"author":1,"featured_media":1591,"comment_status":"closed","ping_status":"closed","sticky":false,"template":"","format":"standard","meta":{"_lmt_disableupdate":"","_lmt_disable":"","footnotes":""},"categories":[17,29],"tags":[],"class_list":["post-1590","post","type-post","status-publish","format-standard","has-post-thumbnail","hentry","category-nuce","category-slider"],"_links":{"self":[{"href":"https:\/\/star-fm.net\/index.php?rest_route=\/wp\/v2\/posts\/1590","targetHints":{"allow":["GET"]}}],"collection":[{"href":"https:\/\/star-fm.net\/index.php?rest_route=\/wp\/v2\/posts"}],"about":[{"href":"https:\/\/star-fm.net\/index.php?rest_route=\/wp\/v2\/types\/post"}],"author":[{"embeddable":true,"href":"https:\/\/star-fm.net\/index.php?rest_route=\/wp\/v2\/users\/1"}],"replies":[{"embeddable":true,"href":"https:\/\/star-fm.net\/index.php?rest_route=%2Fwp%2Fv2%2Fcomments&post=1590"}],"version-history":[{"count":1,"href":"https:\/\/star-fm.net\/index.php?rest_route=\/wp\/v2\/posts\/1590\/revisions"}],"predecessor-version":[{"id":1592,"href":"https:\/\/star-fm.net\/index.php?rest_route=\/wp\/v2\/posts\/1590\/revisions\/1592"}],"wp:featuredmedia":[{"embeddable":true,"href":"https:\/\/star-fm.net\/index.php?rest_route=\/wp\/v2\/media\/1591"}],"wp:attachment":[{"href":"https:\/\/star-fm.net\/index.php?rest_route=%2Fwp%2Fv2%2Fmedia&parent=1590"}],"wp:term":[{"taxonomy":"category","embeddable":true,"href":"https:\/\/star-fm.net\/index.php?rest_route=%2Fwp%2Fv2%2Fcategories&post=1590"},{"taxonomy":"post_tag","embeddable":true,"href":"https:\/\/star-fm.net\/index.php?rest_route=%2Fwp%2Fv2%2Ftags&post=1590"}],"curies":[{"name":"wp","href":"https:\/\/api.w.org\/{rel}","templated":true}]}}