{"id":1701,"date":"2019-04-11T19:01:45","date_gmt":"2019-04-11T19:01:45","guid":{"rendered":"http:\/\/star-fm.net\/?p=1701"},"modified":"2019-04-11T19:01:45","modified_gmt":"2019-04-11T19:01:45","slug":"tecrid-qanuna-navdewleti-u-mirovi-binpe-dike","status":"publish","type":"post","link":"https:\/\/star-fm.net\/?p=1701","title":{"rendered":"&#8220;Tecr\u00eed qan\u00fbna navdewlet\u00ee \u00fb mirov\u00ee binp\u00ea dike&#8221;"},"content":{"rendered":"<p>ji 27&#8217;\u00ea T\u00eermeha 2011&#8217;an ve heta roja me ya \u00eero tecr\u00eedeke girankir\u00ee li ser R\u00eaber Abdulah Ocelan t\u00ea me\u015fandin \u00fb dewleta Tirk ya dagirker derfet\u00ea nade par\u00eazeran ku hevd\u00eetin\u00ea bi miwekil\u00ea xwe re bikin.<\/p>\n<p>Gir\u00eaday\u00ce v\u00ea mijar\u00ea R\u00eaveberiya Kongra Star ya kantona Qami\u015flo \u015eaha Xel\u00eel ji radiyo ya me re axiv\u00ee \u00fb got: Tecr\u00eeda li ser R\u00eaber Abdulah Ocela s\u00fbce li dij\u00ee mirovahiy\u00ea \u00fb div\u00ea ev tecr\u00eed di demeke n\u00eaz de bi daw\u00ee bibe.<\/p>\n<p>Her wiha \u015eaha di berdewamiya axavtina xwe de got: tecr\u00eeda ku Tirkiye li ser R\u00eaber Abdulah\u00a0 Ocalan ferz dike, qan\u00fbna navdewlet\u00ee \u00fb mirov\u00ee binp\u00ea dike. R\u00eaber APO ew kesayetek\u00ee navnetewey\u00ee \u00fb xwed\u00ee kesayeta R\u00eaber\u00ea \u015fore\u015fek\u00ee ye.<\/p>\n<p>\u015eaha bal ki\u015fand li ser \u00e7alakger\u00ean di girava bir\u00e7\u00eeb\u00fbn\u00ea de \u00fb got: Div\u00ea Tirkiye erk\u00ean xwe li gor\u00ee qan\u00fbna navdewlet\u00ee p\u00eak b\u00eene.<\/p>\n<p>\u015eaha di dawiy\u00ea de salvegera wefata dayika R\u00eaber Abdulah Ocelan, Uwey\u015f Ocelan bi b\u00eer an\u00ee.<\/p>\n<p>&nbsp;<\/p>\n<p>Medya SIL\u00caMAN<\/p>\n","protected":false},"excerpt":{"rendered":"<p>ji 27&#8217;\u00ea T\u00eermeha 2011&#8217;an ve heta roja me ya \u00eero tecr\u00eedeke girankir\u00ee li ser R\u00eaber&hellip;<\/p>\n","protected":false},"author":1,"featured_media":1702,"comment_status":"closed","ping_status":"closed","sticky":false,"template":"","format":"standard","meta":{"_lmt_disableupdate":"","_lmt_disable":"","footnotes":""},"categories":[17,29],"tags":[],"class_list":["post-1701","post","type-post","status-publish","format-standard","has-post-thumbnail","hentry","category-nuce","category-slider"],"_links":{"self":[{"href":"https:\/\/star-fm.net\/index.php?rest_route=\/wp\/v2\/posts\/1701","targetHints":{"allow":["GET"]}}],"collection":[{"href":"https:\/\/star-fm.net\/index.php?rest_route=\/wp\/v2\/posts"}],"about":[{"href":"https:\/\/star-fm.net\/index.php?rest_route=\/wp\/v2\/types\/post"}],"author":[{"embeddable":true,"href":"https:\/\/star-fm.net\/index.php?rest_route=\/wp\/v2\/users\/1"}],"replies":[{"embeddable":true,"href":"https:\/\/star-fm.net\/index.php?rest_route=%2Fwp%2Fv2%2Fcomments&post=1701"}],"version-history":[{"count":1,"href":"https:\/\/star-fm.net\/index.php?rest_route=\/wp\/v2\/posts\/1701\/revisions"}],"predecessor-version":[{"id":1703,"href":"https:\/\/star-fm.net\/index.php?rest_route=\/wp\/v2\/posts\/1701\/revisions\/1703"}],"wp:featuredmedia":[{"embeddable":true,"href":"https:\/\/star-fm.net\/index.php?rest_route=\/wp\/v2\/media\/1702"}],"wp:attachment":[{"href":"https:\/\/star-fm.net\/index.php?rest_route=%2Fwp%2Fv2%2Fmedia&parent=1701"}],"wp:term":[{"taxonomy":"category","embeddable":true,"href":"https:\/\/star-fm.net\/index.php?rest_route=%2Fwp%2Fv2%2Fcategories&post=1701"},{"taxonomy":"post_tag","embeddable":true,"href":"https:\/\/star-fm.net\/index.php?rest_route=%2Fwp%2Fv2%2Ftags&post=1701"}],"curies":[{"name":"wp","href":"https:\/\/api.w.org\/{rel}","templated":true}]}}