{"id":1736,"date":"2019-05-09T13:11:06","date_gmt":"2019-05-09T13:11:06","guid":{"rendered":"http:\/\/star-fm.net\/?p=1736"},"modified":"2019-05-09T13:11:06","modified_gmt":"2019-05-09T13:11:06","slug":"calakiya-leyla-guven-di-roja-183yan-de-ye","status":"publish","type":"post","link":"https:\/\/star-fm.net\/?p=1736","title":{"rendered":"\u00c7alakiya Leyla Guven di roja 183&#8217;yan de ye"},"content":{"rendered":"<p>\u00c7alakiya greva bir\u00e7\u00eeb\u00fbn\u00ea ya b\u00eadem \u00fb b\u00eadorveger a Leyla Guven ku li dij\u00ee tecr\u00eeda li \u00cemraliy\u00ea daye destp\u00eakirin di roja 183&#8217;yan de berdewam dike.<\/p>\n<p>Pi\u015ft\u00ee Leylay\u00ea bi heman daxwaz\u00ea \u00a0li Her\u00eama Federal a Kurdistan\u00ea \u00e7alakiya N\u00fbner\u00ea HDP&#8217;\u00ea Nasir Yagiz di roja 170&#8217;an de berdewam\u00a0 dike.<\/p>\n<p>Rew\u015fa \u00e7alak geran ne ba\u015fe.<\/p>\n","protected":false},"excerpt":{"rendered":"<p>\u00c7alakiya greva bir\u00e7\u00eeb\u00fbn\u00ea ya b\u00eadem \u00fb b\u00eadorveger a Leyla Guven ku li dij\u00ee tecr\u00eeda li \u00cemraliy\u00ea daye destp\u00eakirin di roja 183&#8217;yan de berdewam dike. Pi\u015ft\u00ee Leylay\u00ea bi heman daxwaz\u00ea \u00a0li Her\u00eama Federal a Kurdistan\u00ea \u00e7alakiya N\u00fbner\u00ea HDP&#8217;\u00ea Nasir Yagiz di roja 170&#8217;an de berdewam\u00a0 dike. Rew\u015fa \u00e7alak geran ne ba\u015fe.<\/p>\n","protected":false},"author":1,"featured_media":1737,"comment_status":"closed","ping_status":"closed","sticky":false,"template":"","format":"standard","meta":{"footnotes":""},"categories":[17,29],"tags":[],"class_list":["post-1736","post","type-post","status-publish","format-standard","has-post-thumbnail","hentry","category-nuce","category-slider"],"_links":{"self":[{"href":"https:\/\/star-fm.net\/index.php?rest_route=\/wp\/v2\/posts\/1736","targetHints":{"allow":["GET"]}}],"collection":[{"href":"https:\/\/star-fm.net\/index.php?rest_route=\/wp\/v2\/posts"}],"about":[{"href":"https:\/\/star-fm.net\/index.php?rest_route=\/wp\/v2\/types\/post"}],"author":[{"embeddable":true,"href":"https:\/\/star-fm.net\/index.php?rest_route=\/wp\/v2\/users\/1"}],"replies":[{"embeddable":true,"href":"https:\/\/star-fm.net\/index.php?rest_route=%2Fwp%2Fv2%2Fcomments&post=1736"}],"version-history":[{"count":1,"href":"https:\/\/star-fm.net\/index.php?rest_route=\/wp\/v2\/posts\/1736\/revisions"}],"predecessor-version":[{"id":1738,"href":"https:\/\/star-fm.net\/index.php?rest_route=\/wp\/v2\/posts\/1736\/revisions\/1738"}],"wp:featuredmedia":[{"embeddable":true,"href":"https:\/\/star-fm.net\/index.php?rest_route=\/wp\/v2\/media\/1737"}],"wp:attachment":[{"href":"https:\/\/star-fm.net\/index.php?rest_route=%2Fwp%2Fv2%2Fmedia&parent=1736"}],"wp:term":[{"taxonomy":"category","embeddable":true,"href":"https:\/\/star-fm.net\/index.php?rest_route=%2Fwp%2Fv2%2Fcategories&post=1736"},{"taxonomy":"post_tag","embeddable":true,"href":"https:\/\/star-fm.net\/index.php?rest_route=%2Fwp%2Fv2%2Ftags&post=1736"}],"curies":[{"name":"wp","href":"https:\/\/api.w.org\/{rel}","templated":true}]}}