{"id":1739,"date":"2019-05-09T15:37:48","date_gmt":"2019-05-09T15:37:48","guid":{"rendered":"http:\/\/star-fm.net\/?p=1739"},"modified":"2019-05-09T15:37:48","modified_gmt":"2019-05-09T15:37:48","slug":"efrin-ne-ya-dagirkeran-e-efrin-ya-kurda-ye","status":"publish","type":"post","link":"https:\/\/star-fm.net\/?p=1739","title":{"rendered":"&#8220;Efr\u00een ne ya dagirkeran e Efr\u00een ya Kurda ye&#8221;"},"content":{"rendered":"<p>Dewleta Tirk bi al\u00eekariya kom\u00ean gir\u00eaday\u00ee w\u00ea \u00ear\u00ee\u015f\u00ee Kantona Efr\u00een\u00ea kir \u00fb niha j\u00ee d\u00eewar\u00ean pa\u00e7ekirina Efr\u00een\u00ea ya ji xaka S\u00fbriyey\u00ea ya n\u00eaz\u00ee 70 k\u00eelo metrey\u00ee ava dike.<\/p>\n<p>R\u00eaveberiya Kongra Star ya nav\u00e7eya Tirbespiye Xalya Ehmed gir\u00eaday\u00ee v\u00ea mijar\u00ea n\u00ear\u00een\u00ean xwe ji Radyoya me parve kir.<\/p>\n<p>Xalya di destp\u00eaka axavtina xwe de l\u00eakirina d\u00eeware par\u00e7ekirin\u00ea \u015fermezar kir \u00fb got: em par\u00e7ekirina axa S\u00fbriyey\u00ea qeb\u00fbl nakin, Efr\u00een j\u00ee par\u00e7eyek ji xaka S\u00fbriy\u00ea ye, armanca dewleta Tirk Efr\u00een\u00ea ji S\u00fbriy\u00ea par\u00e7e bike, l\u00ea em v\u00ea par\u00e7ekirin\u00ea \u015fermezar dikin.<\/p>\n<p>Xalya di berdewamiya axaftina xwe de wiha got: Efr\u00een ne ya dagirkeran e Efr\u00een ya Kurda ye, em \u00ea bi \u00eeradeya xwe d\u00eewaran hilwe\u015f\u00eenin \u00fb Efr\u00een\u00ea rizgarbikin.<\/p>\n<p>Xaliya di dawiya axavtina xwe de b\u00eadengiya dewletan li hember dagirkeriy\u00ea \u015fermezar kir \u00fb got: em bang li r\u00fbsiya \u00fb dewleta suriy\u00ea dikin ku li hember avakirina diwar\u00ea par\u00e7ekirin\u00ea li Efr\u00een\u00ea b\u00ea deng nem\u00eenin.<\/p>\n<p>Medya SIL\u00caMAN<\/p>\n","protected":false},"excerpt":{"rendered":"<p>Dewleta Tirk bi al\u00eekariya kom\u00ean gir\u00eaday\u00ee w\u00ea \u00ear\u00ee\u015f\u00ee Kantona Efr\u00een\u00ea kir \u00fb niha j\u00ee d\u00eewar\u00ean&hellip;<\/p>\n","protected":false},"author":1,"featured_media":1740,"comment_status":"closed","ping_status":"closed","sticky":false,"template":"","format":"standard","meta":{"_lmt_disableupdate":"","_lmt_disable":"","footnotes":""},"categories":[17,29],"tags":[],"class_list":["post-1739","post","type-post","status-publish","format-standard","has-post-thumbnail","hentry","category-nuce","category-slider"],"_links":{"self":[{"href":"https:\/\/star-fm.net\/index.php?rest_route=\/wp\/v2\/posts\/1739","targetHints":{"allow":["GET"]}}],"collection":[{"href":"https:\/\/star-fm.net\/index.php?rest_route=\/wp\/v2\/posts"}],"about":[{"href":"https:\/\/star-fm.net\/index.php?rest_route=\/wp\/v2\/types\/post"}],"author":[{"embeddable":true,"href":"https:\/\/star-fm.net\/index.php?rest_route=\/wp\/v2\/users\/1"}],"replies":[{"embeddable":true,"href":"https:\/\/star-fm.net\/index.php?rest_route=%2Fwp%2Fv2%2Fcomments&post=1739"}],"version-history":[{"count":1,"href":"https:\/\/star-fm.net\/index.php?rest_route=\/wp\/v2\/posts\/1739\/revisions"}],"predecessor-version":[{"id":1741,"href":"https:\/\/star-fm.net\/index.php?rest_route=\/wp\/v2\/posts\/1739\/revisions\/1741"}],"wp:featuredmedia":[{"embeddable":true,"href":"https:\/\/star-fm.net\/index.php?rest_route=\/wp\/v2\/media\/1740"}],"wp:attachment":[{"href":"https:\/\/star-fm.net\/index.php?rest_route=%2Fwp%2Fv2%2Fmedia&parent=1739"}],"wp:term":[{"taxonomy":"category","embeddable":true,"href":"https:\/\/star-fm.net\/index.php?rest_route=%2Fwp%2Fv2%2Fcategories&post=1739"},{"taxonomy":"post_tag","embeddable":true,"href":"https:\/\/star-fm.net\/index.php?rest_route=%2Fwp%2Fv2%2Ftags&post=1739"}],"curies":[{"name":"wp","href":"https:\/\/api.w.org\/{rel}","templated":true}]}}