{"id":2118,"date":"2019-11-15T19:14:34","date_gmt":"2019-11-15T19:14:34","guid":{"rendered":"http:\/\/star-fm.net\/?p=2118"},"modified":"2019-11-15T19:14:34","modified_gmt":"2019-11-15T19:14:34","slug":"ji-bo-jiyaneke-azad-em-qet-ji-mirine-natirsin","status":"publish","type":"post","link":"https:\/\/star-fm.net\/?p=2118","title":{"rendered":"Ji bo jiyaneke azad em qet ji mirin\u00ea natirsin!"},"content":{"rendered":"<p>Ji p\u00ean\u00fbsa jina ciwan ya ji nav\u00e7eya Tirbespiy\u00ea Malva Mih\u00ead\u00een<\/p>\n<p>Ten\u00ea slogana me Azad\u00ee, berxwedan \u00fb serbaz\u00ee ye \u00fb w\u00ea ev slogana me be heya serkeftin\u00ea, Tu kes nikare bi me bide guhartin, Ji ber ku ke\u00e7 \u00fb Xurt\u00ean kurdan bi serbilind\u00ee \u015fer li dij\u00ee dagirker\u00ee dikin \u00fb bi ser dikevin. Dijmin\u00ean kurdan eger h\u00fbn me tine bikin nif\u015f\u00ean n\u00fb ji v\u00ea axa p\u00eeroz radibin \u00fb w\u00ea li maf\u00ea xwe m\u00eena \u00eero bigerin. Maf\u00ea kurd \u00fb Kurdistan\u00ea bi h\u00easan\u00ee winda nabe, \u00ead\u00ee tu r\u00ea \u00fb r\u00eabaz nemaye \u00fb we bikar ne aniye \u00fb we bi \u015fervan\u00ean Kurdan nikariye. Em\u00ea her serkeft\u00ee bin em\u00ea tim xwed\u00ee li ziman \u00fb \u00e7anda xwe xwed\u00ee derkevin, \u00ead\u00ee em ji bo jiyaneke azad qet ji mirin\u00ea natirsin!.<\/p>\n","protected":false},"excerpt":{"rendered":"<p>Ji p\u00ean\u00fbsa jina ciwan ya ji nav\u00e7eya Tirbespiy\u00ea Malva Mih\u00ead\u00een Ten\u00ea slogana me Azad\u00ee, berxwedan \u00fb serbaz\u00ee ye \u00fb w\u00ea ev slogana me be heya serkeftin\u00ea, Tu kes nikare bi me bide guhartin, Ji ber ku ke\u00e7 \u00fb Xurt\u00ean kurdan bi serbilind\u00ee \u015fer li dij\u00ee dagirker\u00ee dikin \u00fb bi ser dikevin. Dijmin\u00ean kurdan eger h\u00fbn &hellip;<\/p>\n","protected":false},"author":1,"featured_media":2119,"comment_status":"closed","ping_status":"closed","sticky":false,"template":"","format":"standard","meta":{"footnotes":""},"categories":[17,29],"tags":[],"class_list":["post-2118","post","type-post","status-publish","format-standard","has-post-thumbnail","hentry","category-nuce","category-slider"],"_links":{"self":[{"href":"https:\/\/star-fm.net\/index.php?rest_route=\/wp\/v2\/posts\/2118","targetHints":{"allow":["GET"]}}],"collection":[{"href":"https:\/\/star-fm.net\/index.php?rest_route=\/wp\/v2\/posts"}],"about":[{"href":"https:\/\/star-fm.net\/index.php?rest_route=\/wp\/v2\/types\/post"}],"author":[{"embeddable":true,"href":"https:\/\/star-fm.net\/index.php?rest_route=\/wp\/v2\/users\/1"}],"replies":[{"embeddable":true,"href":"https:\/\/star-fm.net\/index.php?rest_route=%2Fwp%2Fv2%2Fcomments&post=2118"}],"version-history":[{"count":1,"href":"https:\/\/star-fm.net\/index.php?rest_route=\/wp\/v2\/posts\/2118\/revisions"}],"predecessor-version":[{"id":2120,"href":"https:\/\/star-fm.net\/index.php?rest_route=\/wp\/v2\/posts\/2118\/revisions\/2120"}],"wp:featuredmedia":[{"embeddable":true,"href":"https:\/\/star-fm.net\/index.php?rest_route=\/wp\/v2\/media\/2119"}],"wp:attachment":[{"href":"https:\/\/star-fm.net\/index.php?rest_route=%2Fwp%2Fv2%2Fmedia&parent=2118"}],"wp:term":[{"taxonomy":"category","embeddable":true,"href":"https:\/\/star-fm.net\/index.php?rest_route=%2Fwp%2Fv2%2Fcategories&post=2118"},{"taxonomy":"post_tag","embeddable":true,"href":"https:\/\/star-fm.net\/index.php?rest_route=%2Fwp%2Fv2%2Ftags&post=2118"}],"curies":[{"name":"wp","href":"https:\/\/api.w.org\/{rel}","templated":true}]}}