{"id":2647,"date":"2020-12-21T11:20:55","date_gmt":"2020-12-21T11:20:55","guid":{"rendered":"http:\/\/star-fm.net\/?p=2647"},"modified":"2020-12-21T11:20:55","modified_gmt":"2020-12-21T11:20:55","slug":"derbare-leyla-guven-de-biryara-girtine","status":"publish","type":"post","link":"https:\/\/star-fm.net\/?p=2647","title":{"rendered":"Derbar\u00ea Leyla Guven de biryara girtin\u00ea"},"content":{"rendered":"<div>10&#8217;em\u00een r\u00fbni\u015ftina doza Hevseroka Kongreya Civaka Demokrat\u00eek (KCD) a bi hinceta &#8220;Endamtiya r\u00eaxistin\u00ea&#8221;,&#8221;propagandaya r\u00eaxistin\u00ea&#8221; hatib\u00fb vekirin li 9&#8217;em\u00een Dadgeha Cezay\u00ea Giran a Amed\u00ea hat d\u00eetin. Leyla be\u015fdar\u00ee r\u00fbni\u015ftin\u00ea neb\u00fb. Par\u00eazer\u00ean Leylay\u00ea Cemile Turhalli, Serdar \u00c7elebi \u00fb \u015eivan Cemil Ozer li r\u00fbni\u015ftin\u00ea amade b\u00fbn.<\/div>\n<div><\/div>\n<div>Par\u00eazeran di r\u00fbni\u015ftin\u00ea de xwestin dem b\u00ea z\u00eadekirin l\u00ea ev xwestek hat redkirin.<\/div>\n<div><\/div>\n<div>Heyeta dadgeh\u00ea ji bo Leylay\u00ea 22 sal \u00fb 3 meh cezay\u00ea girt\u00eegeh\u00ea bir\u00ee \u00fb biryara girtin\u00ea da.<\/div>\n","protected":false},"excerpt":{"rendered":"<p>10&#8217;em\u00een r\u00fbni\u015ftina doza Hevseroka Kongreya Civaka Demokrat\u00eek (KCD) a bi hinceta &#8220;Endamtiya r\u00eaxistin\u00ea&#8221;,&#8221;propagandaya r\u00eaxistin\u00ea&#8221; hatib\u00fb&hellip;<\/p>\n","protected":false},"author":1,"featured_media":2648,"comment_status":"closed","ping_status":"closed","sticky":false,"template":"","format":"standard","meta":{"_lmt_disableupdate":"","_lmt_disable":"","footnotes":""},"categories":[17,29],"tags":[],"class_list":["post-2647","post","type-post","status-publish","format-standard","has-post-thumbnail","hentry","category-nuce","category-slider"],"_links":{"self":[{"href":"https:\/\/star-fm.net\/index.php?rest_route=\/wp\/v2\/posts\/2647","targetHints":{"allow":["GET"]}}],"collection":[{"href":"https:\/\/star-fm.net\/index.php?rest_route=\/wp\/v2\/posts"}],"about":[{"href":"https:\/\/star-fm.net\/index.php?rest_route=\/wp\/v2\/types\/post"}],"author":[{"embeddable":true,"href":"https:\/\/star-fm.net\/index.php?rest_route=\/wp\/v2\/users\/1"}],"replies":[{"embeddable":true,"href":"https:\/\/star-fm.net\/index.php?rest_route=%2Fwp%2Fv2%2Fcomments&post=2647"}],"version-history":[{"count":1,"href":"https:\/\/star-fm.net\/index.php?rest_route=\/wp\/v2\/posts\/2647\/revisions"}],"predecessor-version":[{"id":2649,"href":"https:\/\/star-fm.net\/index.php?rest_route=\/wp\/v2\/posts\/2647\/revisions\/2649"}],"wp:featuredmedia":[{"embeddable":true,"href":"https:\/\/star-fm.net\/index.php?rest_route=\/wp\/v2\/media\/2648"}],"wp:attachment":[{"href":"https:\/\/star-fm.net\/index.php?rest_route=%2Fwp%2Fv2%2Fmedia&parent=2647"}],"wp:term":[{"taxonomy":"category","embeddable":true,"href":"https:\/\/star-fm.net\/index.php?rest_route=%2Fwp%2Fv2%2Fcategories&post=2647"},{"taxonomy":"post_tag","embeddable":true,"href":"https:\/\/star-fm.net\/index.php?rest_route=%2Fwp%2Fv2%2Ftags&post=2647"}],"curies":[{"name":"wp","href":"https:\/\/api.w.org\/{rel}","templated":true}]}}